{"id":11580,"date":"2024-07-30T21:15:31","date_gmt":"2024-07-31T02:15:31","guid":{"rendered":"http:\/\/prototipo.bienestar-total.com.mx\/contenido\/?p=11580"},"modified":"2024-09-11T08:47:06","modified_gmt":"2024-09-11T13:47:06","slug":"diagnostico-13","status":"publish","type":"post","link":"https:\/\/prototipo.bienestar-total.com.mx\/contenido\/diagnostico-13\/","title":{"rendered":"Diagn\u00f3stico"},"content":{"rendered":"<h3>Diagn\u00f3stico<\/h3>\n<p>Si tu beb\u00e9 tiene menos de 3 meses, llama al m\u00e9dico al comienzo de la enfermedad. En los reci\u00e9n nacidos, es especialmente importante asegurarse de que no haya una enfermedad m\u00e1s grave, en particular si tu beb\u00e9 tiene fiebre. <\/p>\n<p>En general, no es necesario acudir al m\u00e9dico si un beb\u00e9 mayor tiene un resfriado com\u00fan. Si tienes dudas o si los s\u00edntomas de tu beb\u00e9 empeoran o no desaparecen, puede que sea el momento de ir al m\u00e9dico. <\/p>\n<p>Por lo general, el m\u00e9dico de tu beb\u00e9 puede diagnosticar un resfriado com\u00fan por los signos y s\u00edntomas de tu beb\u00e9. Si el m\u00e9dico sospecha que tu beb\u00e9 tiene una infecci\u00f3n bacteriana u otra afecci\u00f3n, puede pedir una radiograf\u00eda de t\u00f3rax u otras pruebas para excluir otras causas de los s\u00edntomas de tu beb\u00e9.<\/p>\n","protected":false},"excerpt":{"rendered":"<p>Diagn\u00f3stico Si tu beb\u00e9 tiene menos de 3 meses, llama al m\u00e9dico al comienzo de la enfermedad. En los reci\u00e9n nacidos, es especialmente importante asegurarse de que no haya una enfermedad m\u00e1s grave, en particular si tu beb\u00e9 tiene fiebre. En general, no es necesario acudir al m\u00e9dico si un beb\u00e9 mayor tiene un resfriado &hellip; <\/p>\n<p class=\"link-more\"><a href=\"https:\/\/prototipo.bienestar-total.com.mx\/contenido\/diagnostico-13\/\" class=\"more-link\">Continuar leyendo<span class=\"screen-reader-text\"> \u00abDiagn\u00f3stico\u00bb<\/span><\/a><\/p>\n","protected":false},"author":2,"featured_media":12667,"comment_status":"closed","ping_status":"open","sticky":false,"template":"","format":"standard","meta":{"footnotes":""},"categories":[404,389],"tags":[],"class_list":["post-11580","post","type-post","status-publish","format-standard","has-post-thumbnail","hentry","category-resfrio-comun-en-bebes","category-biblioteca-de-salud"],"campos_v1":[],"_links":{"self":[{"href":"https:\/\/prototipo.bienestar-total.com.mx\/contenido\/wp-json\/wp\/v2\/posts\/11580","targetHints":{"allow":["GET"]}}],"collection":[{"href":"https:\/\/prototipo.bienestar-total.com.mx\/contenido\/wp-json\/wp\/v2\/posts"}],"about":[{"href":"https:\/\/prototipo.bienestar-total.com.mx\/contenido\/wp-json\/wp\/v2\/types\/post"}],"author":[{"embeddable":true,"href":"https:\/\/prototipo.bienestar-total.com.mx\/contenido\/wp-json\/wp\/v2\/users\/2"}],"replies":[{"embeddable":true,"href":"https:\/\/prototipo.bienestar-total.com.mx\/contenido\/wp-json\/wp\/v2\/comments?post=11580"}],"version-history":[{"count":1,"href":"https:\/\/prototipo.bienestar-total.com.mx\/contenido\/wp-json\/wp\/v2\/posts\/11580\/revisions"}],"predecessor-version":[{"id":11582,"href":"https:\/\/prototipo.bienestar-total.com.mx\/contenido\/wp-json\/wp\/v2\/posts\/11580\/revisions\/11582"}],"wp:featuredmedia":[{"embeddable":true,"href":"https:\/\/prototipo.bienestar-total.com.mx\/contenido\/wp-json\/wp\/v2\/media\/12667"}],"wp:attachment":[{"href":"https:\/\/prototipo.bienestar-total.com.mx\/contenido\/wp-json\/wp\/v2\/media?parent=11580"}],"wp:term":[{"taxonomy":"category","embeddable":true,"href":"https:\/\/prototipo.bienestar-total.com.mx\/contenido\/wp-json\/wp\/v2\/categories?post=11580"},{"taxonomy":"post_tag","embeddable":true,"href":"https:\/\/prototipo.bienestar-total.com.mx\/contenido\/wp-json\/wp\/v2\/tags?post=11580"}],"curies":[{"name":"wp","href":"https:\/\/api.w.org\/{rel}","templated":true}]}}