{"id":11583,"date":"2024-07-30T21:16:54","date_gmt":"2024-07-31T02:16:54","guid":{"rendered":"http:\/\/prototipo.bienestar-total.com.mx\/contenido\/?p=11583"},"modified":"2024-09-11T08:46:58","modified_gmt":"2024-09-11T13:46:58","slug":"factores-de-riesgo-37","status":"publish","type":"post","link":"https:\/\/prototipo.bienestar-total.com.mx\/contenido\/factores-de-riesgo-37\/","title":{"rendered":"Factores de riesgo"},"content":{"rendered":"<h3>Factores de riesgo<\/h3>\n<p>Algunos factores ponen a los beb\u00e9s en mayor riesgo de contraer un resfriado com\u00fan.<\/p>\n<ul>\n<li>Sistemas inmunitarios inmaduros. Por naturaleza, los beb\u00e9s est\u00e1n en riesgo de contraer resfriados comunes porque a\u00fan no han estado expuestos o no han desarrollado resistencia a la mayor\u00eda de los virus que los causan.<\/li>\n<li>Contacto con otros ni\u00f1os. Al pasar tiempo con otros ni\u00f1os, que no siempre se lavan las manos o se cubren la boca al toser y estornudar, puede aumentar el riesgo de que tu beb\u00e9 contraiga un resfriado. El riesgo de resfriarse aumenta al exponerse a cualquier persona que tenga un resfriado.<\/li>\n<li>\u00c9poca del a\u00f1o. Los resfriados son m\u00e1s comunes desde el oto\u00f1o hasta finales de la primavera, pero tu beb\u00e9 puede resfriarse en cualquier momento.<\/li>\n<ul>\n","protected":false},"excerpt":{"rendered":"<p>Factores de riesgo Algunos factores ponen a los beb\u00e9s en mayor riesgo de contraer un resfriado com\u00fan. Sistemas inmunitarios inmaduros. Por naturaleza, los beb\u00e9s est\u00e1n en riesgo de contraer resfriados comunes porque a\u00fan no han estado expuestos o no han desarrollado resistencia a la mayor\u00eda de los virus que los causan. Contacto con otros ni\u00f1os. &hellip; <\/p>\n<p class=\"link-more\"><a href=\"https:\/\/prototipo.bienestar-total.com.mx\/contenido\/factores-de-riesgo-37\/\" class=\"more-link\">Continuar leyendo<span class=\"screen-reader-text\"> \u00abFactores de riesgo\u00bb<\/span><\/a><\/p>\n","protected":false},"author":2,"featured_media":12667,"comment_status":"closed","ping_status":"open","sticky":false,"template":"","format":"standard","meta":{"footnotes":""},"categories":[404,389],"tags":[],"class_list":["post-11583","post","type-post","status-publish","format-standard","has-post-thumbnail","hentry","category-resfrio-comun-en-bebes","category-biblioteca-de-salud"],"campos_v1":[],"_links":{"self":[{"href":"https:\/\/prototipo.bienestar-total.com.mx\/contenido\/wp-json\/wp\/v2\/posts\/11583","targetHints":{"allow":["GET"]}}],"collection":[{"href":"https:\/\/prototipo.bienestar-total.com.mx\/contenido\/wp-json\/wp\/v2\/posts"}],"about":[{"href":"https:\/\/prototipo.bienestar-total.com.mx\/contenido\/wp-json\/wp\/v2\/types\/post"}],"author":[{"embeddable":true,"href":"https:\/\/prototipo.bienestar-total.com.mx\/contenido\/wp-json\/wp\/v2\/users\/2"}],"replies":[{"embeddable":true,"href":"https:\/\/prototipo.bienestar-total.com.mx\/contenido\/wp-json\/wp\/v2\/comments?post=11583"}],"version-history":[{"count":1,"href":"https:\/\/prototipo.bienestar-total.com.mx\/contenido\/wp-json\/wp\/v2\/posts\/11583\/revisions"}],"predecessor-version":[{"id":11584,"href":"https:\/\/prototipo.bienestar-total.com.mx\/contenido\/wp-json\/wp\/v2\/posts\/11583\/revisions\/11584"}],"wp:featuredmedia":[{"embeddable":true,"href":"https:\/\/prototipo.bienestar-total.com.mx\/contenido\/wp-json\/wp\/v2\/media\/12667"}],"wp:attachment":[{"href":"https:\/\/prototipo.bienestar-total.com.mx\/contenido\/wp-json\/wp\/v2\/media?parent=11583"}],"wp:term":[{"taxonomy":"category","embeddable":true,"href":"https:\/\/prototipo.bienestar-total.com.mx\/contenido\/wp-json\/wp\/v2\/categories?post=11583"},{"taxonomy":"post_tag","embeddable":true,"href":"https:\/\/prototipo.bienestar-total.com.mx\/contenido\/wp-json\/wp\/v2\/tags?post=11583"}],"curies":[{"name":"wp","href":"https:\/\/api.w.org\/{rel}","templated":true}]}}