{"id":428,"date":"2017-08-29T12:31:47","date_gmt":"2017-08-29T17:31:47","guid":{"rendered":"http:\/\/prototipo.bienestar-total.com.mx\/contenido\/?p=428"},"modified":"2019-05-15T13:23:41","modified_gmt":"2019-05-15T18:23:41","slug":"cuando-ver-al-medico-13","status":"publish","type":"post","link":"https:\/\/prototipo.bienestar-total.com.mx\/contenido\/cuando-ver-al-medico-13\/","title":{"rendered":"\u00bfCu\u00e1ndo ver al m\u00e9dico?"},"content":{"rendered":"<div class=\"art_titulo\">\n<p><img loading=\"lazy\" decoding=\"async\" src=\"img\/s01-13\/cuando-ver-al-medico.png\" width=\"59\" height=\"59\">&iquest;Cu&aacute;ndo ver al m&eacute;dico?<\/p>\n<\/div>\n<p>&nbsp;<\/p>\n<div class=\"art_txtimg_izq\"><img loading=\"lazy\" decoding=\"async\" src=\"img\/s01-13\/SANAMEDIC-SLIDER.png\" width=\"200\" height=\"212\"><\/p>\n<div >\n<p>La pena y la verg\u00fcenza por tu apariencia podr\u00edan impedirte buscar tratamiento para el trastorno dism\u00f3rfico corporal. Pero si tienes alguna se\u00f1al o s\u00edntoma, consulta a tu m\u00e9dico, proveedor de salud mental u otro profesional de salud. El trastorno dism\u00f3rfico corporal usualmente no mejora solo y, si no se trata, puede empeorar con el tiempo y llevarte a pensamientos y comportamientos suicidas. <\/p>\n<\/div>\n<\/div>\n","protected":false},"excerpt":{"rendered":"<p>&iquest;Cu&aacute;ndo ver al m&eacute;dico? &nbsp; La pena y la verg\u00fcenza por tu apariencia podr\u00edan impedirte buscar tratamiento para el trastorno dism\u00f3rfico corporal. Pero si tienes alguna se\u00f1al o s\u00edntoma, consulta a tu m\u00e9dico, proveedor de salud mental u otro profesional de salud. El trastorno dism\u00f3rfico corporal usualmente no mejora solo y, si no se trata, &hellip; <\/p>\n<p class=\"link-more\"><a href=\"https:\/\/prototipo.bienestar-total.com.mx\/contenido\/cuando-ver-al-medico-13\/\" class=\"more-link\">Continuar leyendo<span class=\"screen-reader-text\"> \u00ab\u00bfCu\u00e1ndo ver al m\u00e9dico?\u00bb<\/span><\/a><\/p>\n","protected":false},"author":1,"featured_media":5013,"comment_status":"closed","ping_status":"open","sticky":false,"template":"","format":"standard","meta":{"footnotes":""},"categories":[15],"tags":[],"class_list":["post-428","post","type-post","status-publish","format-standard","has-post-thumbnail","hentry","category-trastorno-dismorfico-corporal"],"campos_v1":[],"_links":{"self":[{"href":"https:\/\/prototipo.bienestar-total.com.mx\/contenido\/wp-json\/wp\/v2\/posts\/428","targetHints":{"allow":["GET"]}}],"collection":[{"href":"https:\/\/prototipo.bienestar-total.com.mx\/contenido\/wp-json\/wp\/v2\/posts"}],"about":[{"href":"https:\/\/prototipo.bienestar-total.com.mx\/contenido\/wp-json\/wp\/v2\/types\/post"}],"author":[{"embeddable":true,"href":"https:\/\/prototipo.bienestar-total.com.mx\/contenido\/wp-json\/wp\/v2\/users\/1"}],"replies":[{"embeddable":true,"href":"https:\/\/prototipo.bienestar-total.com.mx\/contenido\/wp-json\/wp\/v2\/comments?post=428"}],"version-history":[{"count":1,"href":"https:\/\/prototipo.bienestar-total.com.mx\/contenido\/wp-json\/wp\/v2\/posts\/428\/revisions"}],"predecessor-version":[{"id":429,"href":"https:\/\/prototipo.bienestar-total.com.mx\/contenido\/wp-json\/wp\/v2\/posts\/428\/revisions\/429"}],"wp:featuredmedia":[{"embeddable":true,"href":"https:\/\/prototipo.bienestar-total.com.mx\/contenido\/wp-json\/wp\/v2\/media\/5013"}],"wp:attachment":[{"href":"https:\/\/prototipo.bienestar-total.com.mx\/contenido\/wp-json\/wp\/v2\/media?parent=428"}],"wp:term":[{"taxonomy":"category","embeddable":true,"href":"https:\/\/prototipo.bienestar-total.com.mx\/contenido\/wp-json\/wp\/v2\/categories?post=428"},{"taxonomy":"post_tag","embeddable":true,"href":"https:\/\/prototipo.bienestar-total.com.mx\/contenido\/wp-json\/wp\/v2\/tags?post=428"}],"curies":[{"name":"wp","href":"https:\/\/api.w.org\/{rel}","templated":true}]}}